{"id":31462,"date":"2026-04-21T09:16:14","date_gmt":"2026-04-21T09:16:14","guid":{"rendered":"https:\/\/szspchelmek.pl\/?p=31462"},"modified":"2026-04-21T09:20:10","modified_gmt":"2026-04-21T09:20:10","slug":"laczy-nas-pamiec-2","status":"publish","type":"post","link":"https:\/\/szspchelmek.pl\/?p=31462","title":{"rendered":"\u201e\u0141\u0105czy nas pami\u0119\u0107\u201d"},"content":{"rendered":"<div dir=\"auto\">\n<div dir=\"auto\">\n<div>W kwietniu nasza szko\u0142a w\u0142\u0105czy\u0142a si\u0119 w og\u00f3lnopolsk\u0105 akcj\u0119 \u201e\u0141\u0105czy nas pami\u0119\u0107\u201d, upami\u0119tniaj\u0105c\u0105 rocznic\u0119 wybuchu powstania w getcie warszawskim. Symbolem pami\u0119ci o tym wydarzeniu s\u0105 \u017conkile, kt\u00f3re uczniowie i nauczyciele przypi\u0119li do ubra\u0144 na znak solidarno\u015bci i szacunku dla bohater\u00f3w tamtych dni.<\/div>\n<div dir=\"auto\"><\/div>\n<div dir=\"auto\">W ramach obchod\u00f3w w poszczeg\u00f3lnych klasach odby\u0142y si\u0119 lekcje tematyczne po\u015bwi\u0119cone historii powstania w getcie warszawskim. Uczniowie mieli okazj\u0119 pozna\u0107 losy jego uczestnik\u00f3w, obejrze\u0107 materia\u0142y edukacyjne oraz wzi\u0105\u0107 udzia\u0142 w rozmowach na temat znaczenia pami\u0119ci historycznej i odpowiedzialno\u015bci za jej piel\u0119gnowanie. Zaj\u0119cia dostosowane by\u0142y do wieku uczni\u00f3w i sprzyja\u0142y refleksji nad trudn\u0105 histori\u0105 XX wieku.<\/div>\n<div dir=\"auto\"><\/div>\n<div dir=\"auto\">Wa\u017cnym elementem obchod\u00f3w by\u0142a r\u00f3wnie\u017c wizyta uczni\u00f3w w lokalnej bibliotece. Podczas spotkania m\u0142odzie\u017c z klasy 6a uczestniczy\u0142a w specjalnie przygotowanych zaj\u0119ciach edukacyjnych, kt\u00f3re przybli\u017cy\u0142y im realia \u017cycia w getcie oraz znaczenie powstania. Uczniowie mieli tak\u017ce mo\u017cliwo\u015b\u0107 zapoznania si\u0119 z literatur\u0105 i materia\u0142ami \u017ar\u00f3d\u0142owymi dotycz\u0105cymi tego okresu.<\/div>\n<div dir=\"auto\"><\/div>\n<div dir=\"auto\">Dzi\u0119ki udzia\u0142owi w akcji \u201e\u0141\u0105czy nas pami\u0119\u0107\u201d uczniowie naszej szko\u0142y nie tylko poszerzyli swoj\u0105 wiedz\u0119 historyczn\u0105, ale tak\u017ce uczyli si\u0119 wra\u017cliwo\u015bci, empatii i szacunku wobec przesz\u0142o\u015bci.<\/div>\n<\/div>\n<\/div>\n<p>&nbsp;<\/p>\n<div style=\"text-align: right;\">Klaudia Kocot<\/div>\n<div><\/div>\n<div><\/div>\n<p><!--more--><\/p>\n<div><\/div>\n<div><!-- Final Tiles Grid Gallery for WordPress v3.6.6 free --><style>#ftg-12551255 .tile .icon { color:#ffffff; }#ftg-12551255 .ftg-items .loading-bar i { background:#666; }#ftg-12551255 .ftg-items .loading-bar { background:#fff; }#ftg-12551255 .tile .icon { font-size:12px; }#ftg-12551255 .tile .icon { margin: -6px 0 0 -6px; }#ftg-12551255 .tile .caption-block .text-wrapper span.text { font-size:12px; }#ftg-12551255 .tile .caption-outside .text-wrapper span.text { font-size:12px; }#ftg-12551255 .tile .caption-block .text-wrapper span.title { font-size:14px; }#ftg-12551255 .tile .caption-outside .text-wrapper span.title { font-size:14px; }#ftg-12551255 .tile { background-color: transparent; }#ftg-12551255 .tile .caption-block .text-wrapper span.text { color: #ffffff; }#ftg-12551255 .tile .caption-block .text-wrapper span.title { color: #ffffff; }#ftg-12551255 .tile .caption-outside .text-wrapper span.text { color: #ffffff; }#ftg-12551255 .tile .caption-outside .text-wrapper span.title { color: #ffffff; }#ftg-12551255 .tile .ftg-social a { color: #ffffff; }#ftg-12551255 .tile .caption-block { transition-timing-function:linear; }#ftg-12551255 .tile .caption-block { transition-duration:0.25s; }#ftg-12551255 .tile .tile-inner:before { background-color: #000000; }#ftg-12551255 .tile .tile-inner:before { background-color: rgba(0, 0, 0, 0.8); }<\/style><a name=\"1255\"><\/a><div class=\"final-tiles-gallery  ftg-hover-enabled caption-inside  caption-none caption-middle caption-center\" id=\"ftg-12551255\" style=\"width: 100%\"><div class='ftg-items'><div class='loading-bar'><i><\/i><\/div><div  class='tile ftg-preload  '><a title=\"20260417_103452\" data-lightbox='ftg-12551255' rel='ftg-12551255'  class=' tile-inner  ftg-lightbox' href='https:\/\/szspchelmek.pl\/wp-content\/uploads\/2026\/04\/20260417_103452-1140x855.jpg' ><img alt='20260417_103452' class='item skip-lazy' data-class='item' data-ftg-source='https:\/\/szspchelmek.pl\/wp-content\/uploads\/2026\/04\/20260417_103452-1140x855.jpg' src='https:\/\/szspchelmek.pl\/wp-content\/uploads\/2026\/04\/20260417_103452-1140x855.jpg' width='1140' height='855' \/><span class='icon fa fa-zoom'><\/span><div class='caption-block'><div class='text-wrapper'><span class='title'>20260417_103452<\/span><\/div><\/div><\/a><div class='ftg-social'><\/div><\/div><div  class='tile ftg-preload  '><a title=\"20260417_110013\" data-lightbox='ftg-12551255' rel='ftg-12551255'  class=' tile-inner  ftg-lightbox' href='https:\/\/szspchelmek.pl\/wp-content\/uploads\/2026\/04\/20260417_110013-1140x855.jpg' ><img alt='20260417_110013' class='item skip-lazy' data-class='item' data-ftg-source='https:\/\/szspchelmek.pl\/wp-content\/uploads\/2026\/04\/20260417_110013-1140x855.jpg' src='https:\/\/szspchelmek.pl\/wp-content\/uploads\/2026\/04\/20260417_110013-1140x855.jpg' width='1140' height='855' \/><span class='icon fa fa-zoom'><\/span><div class='caption-block'><div class='text-wrapper'><span class='title'>20260417_110013<\/span><\/div><\/div><\/a><div class='ftg-social'><\/div><\/div><div  class='tile ftg-preload  '><a title=\"20260417_113018\" data-lightbox='ftg-12551255' rel='ftg-12551255'  class=' tile-inner  ftg-lightbox' href='https:\/\/szspchelmek.pl\/wp-content\/uploads\/2026\/04\/20260417_113018-1140x1002.jpg' ><img alt='20260417_113018' class='item skip-lazy' data-class='item' data-ftg-source='https:\/\/szspchelmek.pl\/wp-content\/uploads\/2026\/04\/20260417_113018-1140x1002.jpg' src='https:\/\/szspchelmek.pl\/wp-content\/uploads\/2026\/04\/20260417_113018-1140x1002.jpg' width='1140' height='1002' \/><span class='icon fa fa-zoom'><\/span><div class='caption-block'><div class='text-wrapper'><span class='title'>20260417_113018<\/span><\/div><\/div><\/a><div class='ftg-social'><\/div><\/div><div  class='tile ftg-preload  '><a title=\"20260417_120254\" data-lightbox='ftg-12551255' rel='ftg-12551255'  class=' tile-inner  ftg-lightbox' href='https:\/\/szspchelmek.pl\/wp-content\/uploads\/2026\/04\/20260417_120254-1140x855.jpg' ><img alt='20260417_120254' class='item skip-lazy' data-class='item' data-ftg-source='https:\/\/szspchelmek.pl\/wp-content\/uploads\/2026\/04\/20260417_120254-1140x855.jpg' src='https:\/\/szspchelmek.pl\/wp-content\/uploads\/2026\/04\/20260417_120254-1140x855.jpg' width='1140' height='855' \/><span class='icon fa fa-zoom'><\/span><div class='caption-block'><div class='text-wrapper'><span class='title'>20260417_120254<\/span><\/div><\/div><\/a><div class='ftg-social'><\/div><\/div><div  class='tile ftg-preload  '><a title=\"20260420_090813\" data-lightbox='ftg-12551255' rel='ftg-12551255'  class=' tile-inner  ftg-lightbox' href='https:\/\/szspchelmek.pl\/wp-content\/uploads\/2026\/04\/20260420_090813-1140x855.jpg' ><img alt='20260420_090813' class='item skip-lazy' data-class='item' data-ftg-source='https:\/\/szspchelmek.pl\/wp-content\/uploads\/2026\/04\/20260420_090813-1140x855.jpg' src='https:\/\/szspchelmek.pl\/wp-content\/uploads\/2026\/04\/20260420_090813-1140x855.jpg' width='1140' height='855' \/><span class='icon fa fa-zoom'><\/span><div class='caption-block'><div class='text-wrapper'><span class='title'>20260420_090813<\/span><\/div><\/div><\/a><div class='ftg-social'><\/div><\/div><\/div><\/div><\/div>\n","protected":false},"excerpt":{"rendered":"<p>W kwietniu nasza szko\u0142a w\u0142\u0105czy\u0142a si\u0119 w og\u00f3lnopolsk\u0105 akcj\u0119 \u201e\u0141\u0105czy nas pami\u0119\u0107\u201d, upami\u0119tniaj\u0105c\u0105 rocznic\u0119 wybuchu powstania w getcie warszawskim. Symbolem pami\u0119ci o tym wydarzeniu s\u0105 \u017conkile, kt\u00f3re uczniowie i nauczyciele przypi\u0119li do ubra\u0144 na znak solidarno\u015bci i szacunku dla bohater\u00f3w tamtych dni. W ramach obchod\u00f3w w poszczeg\u00f3lnych klasach odby\u0142y si\u0119 lekcje tematyczne po\u015bwi\u0119cone historii powstania <a href=\"https:\/\/szspchelmek.pl\/?p=31462#more-'\" class=\"more-link\">czytaj <span>\u00bb<\/span><\/a><\/p>\n","protected":false},"author":3,"featured_media":0,"comment_status":"closed","ping_status":"closed","sticky":false,"template":"","format":"standard","meta":{"footnotes":""},"categories":[1],"tags":[],"class_list":["post-31462","post","type-post","status-publish","format-standard","hentry","category-aktualnosci"],"yoast_head":"<!-- This site is optimized with the Yoast SEO plugin v26.5 - https:\/\/yoast.com\/wordpress\/plugins\/seo\/ -->\n<title>\u201e\u0141\u0105czy nas pami\u0119\u0107\u201d - SZS-P nr 2 w Che\u0142mku<\/title>\n<meta name=\"robots\" content=\"index, follow, max-snippet:-1, max-image-preview:large, max-video-preview:-1\" \/>\n<link rel=\"canonical\" href=\"https:\/\/szspchelmek.pl\/?p=31462\" \/>\n<meta property=\"og:locale\" content=\"pl_PL\" \/>\n<meta property=\"og:type\" content=\"article\" \/>\n<meta property=\"og:title\" content=\"\u201e\u0141\u0105czy nas pami\u0119\u0107\u201d - SZS-P nr 2 w Che\u0142mku\" \/>\n<meta property=\"og:description\" content=\"W kwietniu nasza szko\u0142a w\u0142\u0105czy\u0142a si\u0119 w og\u00f3lnopolsk\u0105 akcj\u0119 \u201e\u0141\u0105czy nas pami\u0119\u0107\u201d, upami\u0119tniaj\u0105c\u0105 rocznic\u0119 wybuchu powstania w getcie warszawskim. Symbolem pami\u0119ci o tym wydarzeniu s\u0105 \u017conkile, kt\u00f3re uczniowie i nauczyciele przypi\u0119li do ubra\u0144 na znak solidarno\u015bci i szacunku dla bohater\u00f3w tamtych dni. W ramach obchod\u00f3w w poszczeg\u00f3lnych klasach odby\u0142y si\u0119 lekcje tematyczne po\u015bwi\u0119cone historii powstania czytaj \u00bb\" \/>\n<meta property=\"og:url\" content=\"https:\/\/szspchelmek.pl\/?p=31462\" \/>\n<meta property=\"og:site_name\" content=\"SZS-P nr 2 w Che\u0142mku\" \/>\n<meta property=\"article:published_time\" content=\"2026-04-21T09:16:14+00:00\" \/>\n<meta property=\"article:modified_time\" content=\"2026-04-21T09:20:10+00:00\" \/>\n<meta name=\"author\" content=\"Ma\u0142gorzata Sm\u00f3\u0142ka\" \/>\n<meta name=\"twitter:card\" content=\"summary_large_image\" \/>\n<meta name=\"twitter:label1\" content=\"Napisane przez\" \/>\n\t<meta name=\"twitter:data1\" content=\"Ma\u0142gorzata Sm\u00f3\u0142ka\" \/>\n\t<meta name=\"twitter:label2\" content=\"Szacowany czas czytania\" \/>\n\t<meta name=\"twitter:data2\" content=\"1 minuta\" \/>\n<script type=\"application\/ld+json\" class=\"yoast-schema-graph\">{\"@context\":\"https:\/\/schema.org\",\"@graph\":[{\"@type\":\"Article\",\"@id\":\"https:\/\/szspchelmek.pl\/?p=31462#article\",\"isPartOf\":{\"@id\":\"https:\/\/szspchelmek.pl\/?p=31462\"},\"author\":{\"name\":\"Ma\u0142gorzata Sm\u00f3\u0142ka\",\"@id\":\"https:\/\/szspchelmek.pl\/#\/schema\/person\/dcc7af0e752aabc52005cbe871df5b87\"},\"headline\":\"\u201e\u0141\u0105czy nas pami\u0119\u0107\u201d\",\"datePublished\":\"2026-04-21T09:16:14+00:00\",\"dateModified\":\"2026-04-21T09:20:10+00:00\",\"mainEntityOfPage\":{\"@id\":\"https:\/\/szspchelmek.pl\/?p=31462\"},\"wordCount\":229,\"publisher\":{\"@id\":\"https:\/\/szspchelmek.pl\/#organization\"},\"articleSection\":[\"Aktualno\u015bci\"],\"inLanguage\":\"pl-PL\"},{\"@type\":\"WebPage\",\"@id\":\"https:\/\/szspchelmek.pl\/?p=31462\",\"url\":\"https:\/\/szspchelmek.pl\/?p=31462\",\"name\":\"\u201e\u0141\u0105czy nas pami\u0119\u0107\u201d - SZS-P nr 2 w Che\u0142mku\",\"isPartOf\":{\"@id\":\"https:\/\/szspchelmek.pl\/#website\"},\"datePublished\":\"2026-04-21T09:16:14+00:00\",\"dateModified\":\"2026-04-21T09:20:10+00:00\",\"breadcrumb\":{\"@id\":\"https:\/\/szspchelmek.pl\/?p=31462#breadcrumb\"},\"inLanguage\":\"pl-PL\",\"potentialAction\":[{\"@type\":\"ReadAction\",\"target\":[\"https:\/\/szspchelmek.pl\/?p=31462\"]}]},{\"@type\":\"BreadcrumbList\",\"@id\":\"https:\/\/szspchelmek.pl\/?p=31462#breadcrumb\",\"itemListElement\":[{\"@type\":\"ListItem\",\"position\":1,\"name\":\"Strona g\u0142\u00f3wna\",\"item\":\"https:\/\/szspchelmek.pl\/\"},{\"@type\":\"ListItem\",\"position\":2,\"name\":\"\u201e\u0141\u0105czy nas pami\u0119\u0107\u201d\"}]},{\"@type\":\"WebSite\",\"@id\":\"https:\/\/szspchelmek.pl\/#website\",\"url\":\"https:\/\/szspchelmek.pl\/\",\"name\":\"SZS-P nr 2 w Che\u0142mku\",\"description\":\"Samorz\u0105dowy Zesp\u00f3\u0142 Szkolno-Przedszkolny nr 2 w Che\u0142mku\",\"publisher\":{\"@id\":\"https:\/\/szspchelmek.pl\/#organization\"},\"potentialAction\":[{\"@type\":\"SearchAction\",\"target\":{\"@type\":\"EntryPoint\",\"urlTemplate\":\"https:\/\/szspchelmek.pl\/?s={search_term_string}\"},\"query-input\":{\"@type\":\"PropertyValueSpecification\",\"valueRequired\":true,\"valueName\":\"search_term_string\"}}],\"inLanguage\":\"pl-PL\"},{\"@type\":\"Organization\",\"@id\":\"https:\/\/szspchelmek.pl\/#organization\",\"name\":\"Samorz\u0105dowy Zesp\u00f3\u0142 Szkolno-Przedszkolny nr 2\",\"url\":\"https:\/\/szspchelmek.pl\/\",\"logo\":{\"@type\":\"ImageObject\",\"inLanguage\":\"pl-PL\",\"@id\":\"https:\/\/szspchelmek.pl\/#\/schema\/logo\/image\/\",\"url\":\"https:\/\/szspchelmek.pl\/wp-content\/uploads\/2018\/09\/logo.png\",\"contentUrl\":\"https:\/\/szspchelmek.pl\/wp-content\/uploads\/2018\/09\/logo.png\",\"width\":500,\"height\":93,\"caption\":\"Samorz\u0105dowy Zesp\u00f3\u0142 Szkolno-Przedszkolny nr 2\"},\"image\":{\"@id\":\"https:\/\/szspchelmek.pl\/#\/schema\/logo\/image\/\"}},{\"@type\":\"Person\",\"@id\":\"https:\/\/szspchelmek.pl\/#\/schema\/person\/dcc7af0e752aabc52005cbe871df5b87\",\"name\":\"Ma\u0142gorzata Sm\u00f3\u0142ka\",\"sameAs\":[\"http:\/\/www.szspchelmek.pl\"],\"url\":\"https:\/\/szspchelmek.pl\/?author=3\"}]}<\/script>\n<!-- \/ Yoast SEO plugin. -->","yoast_head_json":{"title":"\u201e\u0141\u0105czy nas pami\u0119\u0107\u201d - SZS-P nr 2 w Che\u0142mku","robots":{"index":"index","follow":"follow","max-snippet":"max-snippet:-1","max-image-preview":"max-image-preview:large","max-video-preview":"max-video-preview:-1"},"canonical":"https:\/\/szspchelmek.pl\/?p=31462","og_locale":"pl_PL","og_type":"article","og_title":"\u201e\u0141\u0105czy nas pami\u0119\u0107\u201d - SZS-P nr 2 w Che\u0142mku","og_description":"W kwietniu nasza szko\u0142a w\u0142\u0105czy\u0142a si\u0119 w og\u00f3lnopolsk\u0105 akcj\u0119 \u201e\u0141\u0105czy nas pami\u0119\u0107\u201d, upami\u0119tniaj\u0105c\u0105 rocznic\u0119 wybuchu powstania w getcie warszawskim. Symbolem pami\u0119ci o tym wydarzeniu s\u0105 \u017conkile, kt\u00f3re uczniowie i nauczyciele przypi\u0119li do ubra\u0144 na znak solidarno\u015bci i szacunku dla bohater\u00f3w tamtych dni. W ramach obchod\u00f3w w poszczeg\u00f3lnych klasach odby\u0142y si\u0119 lekcje tematyczne po\u015bwi\u0119cone historii powstania czytaj \u00bb","og_url":"https:\/\/szspchelmek.pl\/?p=31462","og_site_name":"SZS-P nr 2 w Che\u0142mku","article_published_time":"2026-04-21T09:16:14+00:00","article_modified_time":"2026-04-21T09:20:10+00:00","author":"Ma\u0142gorzata Sm\u00f3\u0142ka","twitter_card":"summary_large_image","twitter_misc":{"Napisane przez":"Ma\u0142gorzata Sm\u00f3\u0142ka","Szacowany czas czytania":"1 minuta"},"schema":{"@context":"https:\/\/schema.org","@graph":[{"@type":"Article","@id":"https:\/\/szspchelmek.pl\/?p=31462#article","isPartOf":{"@id":"https:\/\/szspchelmek.pl\/?p=31462"},"author":{"name":"Ma\u0142gorzata Sm\u00f3\u0142ka","@id":"https:\/\/szspchelmek.pl\/#\/schema\/person\/dcc7af0e752aabc52005cbe871df5b87"},"headline":"\u201e\u0141\u0105czy nas pami\u0119\u0107\u201d","datePublished":"2026-04-21T09:16:14+00:00","dateModified":"2026-04-21T09:20:10+00:00","mainEntityOfPage":{"@id":"https:\/\/szspchelmek.pl\/?p=31462"},"wordCount":229,"publisher":{"@id":"https:\/\/szspchelmek.pl\/#organization"},"articleSection":["Aktualno\u015bci"],"inLanguage":"pl-PL"},{"@type":"WebPage","@id":"https:\/\/szspchelmek.pl\/?p=31462","url":"https:\/\/szspchelmek.pl\/?p=31462","name":"\u201e\u0141\u0105czy nas pami\u0119\u0107\u201d - SZS-P nr 2 w Che\u0142mku","isPartOf":{"@id":"https:\/\/szspchelmek.pl\/#website"},"datePublished":"2026-04-21T09:16:14+00:00","dateModified":"2026-04-21T09:20:10+00:00","breadcrumb":{"@id":"https:\/\/szspchelmek.pl\/?p=31462#breadcrumb"},"inLanguage":"pl-PL","potentialAction":[{"@type":"ReadAction","target":["https:\/\/szspchelmek.pl\/?p=31462"]}]},{"@type":"BreadcrumbList","@id":"https:\/\/szspchelmek.pl\/?p=31462#breadcrumb","itemListElement":[{"@type":"ListItem","position":1,"name":"Strona g\u0142\u00f3wna","item":"https:\/\/szspchelmek.pl\/"},{"@type":"ListItem","position":2,"name":"\u201e\u0141\u0105czy nas pami\u0119\u0107\u201d"}]},{"@type":"WebSite","@id":"https:\/\/szspchelmek.pl\/#website","url":"https:\/\/szspchelmek.pl\/","name":"SZS-P nr 2 w Che\u0142mku","description":"Samorz\u0105dowy Zesp\u00f3\u0142 Szkolno-Przedszkolny nr 2 w Che\u0142mku","publisher":{"@id":"https:\/\/szspchelmek.pl\/#organization"},"potentialAction":[{"@type":"SearchAction","target":{"@type":"EntryPoint","urlTemplate":"https:\/\/szspchelmek.pl\/?s={search_term_string}"},"query-input":{"@type":"PropertyValueSpecification","valueRequired":true,"valueName":"search_term_string"}}],"inLanguage":"pl-PL"},{"@type":"Organization","@id":"https:\/\/szspchelmek.pl\/#organization","name":"Samorz\u0105dowy Zesp\u00f3\u0142 Szkolno-Przedszkolny nr 2","url":"https:\/\/szspchelmek.pl\/","logo":{"@type":"ImageObject","inLanguage":"pl-PL","@id":"https:\/\/szspchelmek.pl\/#\/schema\/logo\/image\/","url":"https:\/\/szspchelmek.pl\/wp-content\/uploads\/2018\/09\/logo.png","contentUrl":"https:\/\/szspchelmek.pl\/wp-content\/uploads\/2018\/09\/logo.png","width":500,"height":93,"caption":"Samorz\u0105dowy Zesp\u00f3\u0142 Szkolno-Przedszkolny nr 2"},"image":{"@id":"https:\/\/szspchelmek.pl\/#\/schema\/logo\/image\/"}},{"@type":"Person","@id":"https:\/\/szspchelmek.pl\/#\/schema\/person\/dcc7af0e752aabc52005cbe871df5b87","name":"Ma\u0142gorzata Sm\u00f3\u0142ka","sameAs":["http:\/\/www.szspchelmek.pl"],"url":"https:\/\/szspchelmek.pl\/?author=3"}]}},"_links":{"self":[{"href":"https:\/\/szspchelmek.pl\/index.php?rest_route=\/wp\/v2\/posts\/31462","targetHints":{"allow":["GET"]}}],"collection":[{"href":"https:\/\/szspchelmek.pl\/index.php?rest_route=\/wp\/v2\/posts"}],"about":[{"href":"https:\/\/szspchelmek.pl\/index.php?rest_route=\/wp\/v2\/types\/post"}],"author":[{"embeddable":true,"href":"https:\/\/szspchelmek.pl\/index.php?rest_route=\/wp\/v2\/users\/3"}],"replies":[{"embeddable":true,"href":"https:\/\/szspchelmek.pl\/index.php?rest_route=%2Fwp%2Fv2%2Fcomments&post=31462"}],"version-history":[{"count":2,"href":"https:\/\/szspchelmek.pl\/index.php?rest_route=\/wp\/v2\/posts\/31462\/revisions"}],"predecessor-version":[{"id":31469,"href":"https:\/\/szspchelmek.pl\/index.php?rest_route=\/wp\/v2\/posts\/31462\/revisions\/31469"}],"wp:attachment":[{"href":"https:\/\/szspchelmek.pl\/index.php?rest_route=%2Fwp%2Fv2%2Fmedia&parent=31462"}],"wp:term":[{"taxonomy":"category","embeddable":true,"href":"https:\/\/szspchelmek.pl\/index.php?rest_route=%2Fwp%2Fv2%2Fcategories&post=31462"},{"taxonomy":"post_tag","embeddable":true,"href":"https:\/\/szspchelmek.pl\/index.php?rest_route=%2Fwp%2Fv2%2Ftags&post=31462"}],"curies":[{"name":"wp","href":"https:\/\/api.w.org\/{rel}","templated":true}]}}