{"id":31449,"date":"2026-04-16T08:20:45","date_gmt":"2026-04-16T08:20:45","guid":{"rendered":"https:\/\/szspchelmek.pl\/?p=31449"},"modified":"2026-04-16T08:22:38","modified_gmt":"2026-04-16T08:22:38","slug":"sukces-naszych-uczniow-w-vii-edycji-konkursu-instalogik","status":"publish","type":"post","link":"https:\/\/szspchelmek.pl\/?p=31449","title":{"rendered":"Sukces naszych uczni\u00f3w w VII edycji konkursu ,,InstaLogik\u201d"},"content":{"rendered":"<p><strong>InstaLogik t<\/strong>o og\u00f3lnopolski konkurs matematyczno-informatyczny skierowany do uczni\u00f3w klas IV\u2013VIII szk\u00f3\u0142 podstawowych. Konkurs rozwija umiej\u0119tno\u015b\u0107 logicznego my\u015blenia, analizowania problem\u00f3w oraz podstawy programowani.<\/p>\n<p>Konkurs promuje samodzielno\u015b\u0107, kreatywno\u015b\u0107 i wytrwa\u0142o\u015b\u0107 w poszukiwaniu rozwi\u0105za\u0144.<\/p>\n<p>Uczniowie naszej szko\u0142y znale\u017ali si\u0119 w gronie laureat\u00f3w i finalist\u00f3w VII edycji:<\/p>\n<p><strong>Patryk Klimas<\/strong> &#8211; finalista na szczeblu og\u00f3lnopolskim w kategorii klas 7<\/p>\n<p><strong>Eliza Ortman <\/strong>\u2013Laureat II miejsca na szczeblu og\u00f3lnopolskim w kategorii klas 8 (najlepszy wynik w powiecie o\u015bwi\u0119cimskim)<\/p>\n<p><strong>Jan Adam <\/strong>\u2013laureat III miejsca na szczeblu og\u00f3lnopolskim w kategorii klas 8<\/p>\n<p>Serdecznie gratulujemy i \u017cyczymy dalszych sukces\u00f3w!!!<\/p>\n<p style=\"text-align: right;\">Ewelina Szumniak<\/p>\n<p><!--more--><\/p>\n<p>&nbsp;<\/p>\n<p>&nbsp;<\/p>\n<!-- Final Tiles Grid Gallery for WordPress v3.6.6 free --><style>#ftg-12531253 .tile .icon { color:#ffffff; }#ftg-12531253 .ftg-items .loading-bar i { background:#666; }#ftg-12531253 .ftg-items .loading-bar { background:#fff; }#ftg-12531253 .tile .icon { font-size:12px; }#ftg-12531253 .tile .icon { margin: -6px 0 0 -6px; }#ftg-12531253 .tile .caption-block .text-wrapper span.text { font-size:12px; }#ftg-12531253 .tile .caption-outside .text-wrapper span.text { font-size:12px; }#ftg-12531253 .tile .caption-block .text-wrapper span.title { font-size:14px; }#ftg-12531253 .tile .caption-outside .text-wrapper span.title { font-size:14px; }#ftg-12531253 .tile { background-color: transparent; }#ftg-12531253 .tile .caption-block .text-wrapper span.text { color: #ffffff; }#ftg-12531253 .tile .caption-block .text-wrapper span.title { color: #ffffff; }#ftg-12531253 .tile .caption-outside .text-wrapper span.text { color: #ffffff; }#ftg-12531253 .tile .caption-outside .text-wrapper span.title { color: #ffffff; }#ftg-12531253 .tile .ftg-social a { color: #ffffff; }#ftg-12531253 .tile .caption-block { transition-timing-function:linear; }#ftg-12531253 .tile .caption-block { transition-duration:0.25s; }#ftg-12531253 .tile .tile-inner:before { background-color: #000000; }#ftg-12531253 .tile .tile-inner:before { background-color: rgba(0, 0, 0, 0.8); }<\/style><a name=\"1253\"><\/a><div class=\"final-tiles-gallery  ftg-hover-enabled caption-inside  caption-none caption-middle caption-center\" id=\"ftg-12531253\" style=\"width: 100%\"><div class='ftg-items'><div class='loading-bar'><i><\/i><\/div><div  class='tile ftg-preload  '><a title=\"NjRyjxYh\" data-lightbox='ftg-12531253' rel='ftg-12531253'  class=' tile-inner  ftg-lightbox' href='https:\/\/szspchelmek.pl\/wp-content\/uploads\/2026\/04\/NjRyjxYh-855x1140.jpg' ><img alt='NjRyjxYh' class='item skip-lazy' data-class='item' data-ftg-source='https:\/\/szspchelmek.pl\/wp-content\/uploads\/2026\/04\/NjRyjxYh-855x1140.jpg' src='https:\/\/szspchelmek.pl\/wp-content\/uploads\/2026\/04\/NjRyjxYh-855x1140.jpg' width='855' height='1140' \/><span class='icon fa fa-zoom'><\/span><div class='caption-block'><div class='text-wrapper'><span class='title'>NjRyjxYh<\/span><\/div><\/div><\/a><div class='ftg-social'><\/div><\/div><\/div><\/div>\n<p>&nbsp;<\/p>\n","protected":false},"excerpt":{"rendered":"<p>InstaLogik to og\u00f3lnopolski konkurs matematyczno-informatyczny skierowany do uczni\u00f3w klas IV\u2013VIII szk\u00f3\u0142 podstawowych. Konkurs rozwija umiej\u0119tno\u015b\u0107 logicznego my\u015blenia, analizowania problem\u00f3w oraz podstawy programowani. Konkurs promuje samodzielno\u015b\u0107, kreatywno\u015b\u0107 i wytrwa\u0142o\u015b\u0107 w poszukiwaniu rozwi\u0105za\u0144. Uczniowie naszej szko\u0142y znale\u017ali si\u0119 w gronie laureat\u00f3w i finalist\u00f3w VII edycji: Patryk Klimas &#8211; finalista na szczeblu og\u00f3lnopolskim w kategorii klas 7 Eliza <a href=\"https:\/\/szspchelmek.pl\/?p=31449#more-'\" class=\"more-link\">czytaj <span>\u00bb<\/span><\/a><\/p>\n","protected":false},"author":3,"featured_media":0,"comment_status":"closed","ping_status":"closed","sticky":false,"template":"","format":"standard","meta":{"footnotes":""},"categories":[1],"tags":[],"class_list":["post-31449","post","type-post","status-publish","format-standard","hentry","category-aktualnosci"],"yoast_head":"<!-- This site is optimized with the Yoast SEO plugin v26.5 - https:\/\/yoast.com\/wordpress\/plugins\/seo\/ -->\n<title>Sukces naszych uczni\u00f3w w VII edycji konkursu ,,InstaLogik\u201d - SZS-P nr 2 w Che\u0142mku<\/title>\n<meta name=\"robots\" content=\"index, follow, max-snippet:-1, max-image-preview:large, max-video-preview:-1\" \/>\n<link rel=\"canonical\" href=\"https:\/\/szspchelmek.pl\/?p=31449\" \/>\n<meta property=\"og:locale\" content=\"pl_PL\" \/>\n<meta property=\"og:type\" content=\"article\" \/>\n<meta property=\"og:title\" content=\"Sukces naszych uczni\u00f3w w VII edycji konkursu ,,InstaLogik\u201d - SZS-P nr 2 w Che\u0142mku\" \/>\n<meta property=\"og:description\" content=\"InstaLogik to og\u00f3lnopolski konkurs matematyczno-informatyczny skierowany do uczni\u00f3w klas IV\u2013VIII szk\u00f3\u0142 podstawowych. Konkurs rozwija umiej\u0119tno\u015b\u0107 logicznego my\u015blenia, analizowania problem\u00f3w oraz podstawy programowani. Konkurs promuje samodzielno\u015b\u0107, kreatywno\u015b\u0107 i wytrwa\u0142o\u015b\u0107 w poszukiwaniu rozwi\u0105za\u0144. Uczniowie naszej szko\u0142y znale\u017ali si\u0119 w gronie laureat\u00f3w i finalist\u00f3w VII edycji: Patryk Klimas &#8211; finalista na szczeblu og\u00f3lnopolskim w kategorii klas 7 Eliza czytaj \u00bb\" \/>\n<meta property=\"og:url\" content=\"https:\/\/szspchelmek.pl\/?p=31449\" \/>\n<meta property=\"og:site_name\" content=\"SZS-P nr 2 w Che\u0142mku\" \/>\n<meta property=\"article:published_time\" content=\"2026-04-16T08:20:45+00:00\" \/>\n<meta property=\"article:modified_time\" content=\"2026-04-16T08:22:38+00:00\" \/>\n<meta name=\"author\" content=\"Ma\u0142gorzata Sm\u00f3\u0142ka\" \/>\n<meta name=\"twitter:card\" content=\"summary_large_image\" \/>\n<meta name=\"twitter:label1\" content=\"Napisane przez\" \/>\n\t<meta name=\"twitter:data1\" content=\"Ma\u0142gorzata Sm\u00f3\u0142ka\" \/>\n\t<meta name=\"twitter:label2\" content=\"Szacowany czas czytania\" \/>\n\t<meta name=\"twitter:data2\" content=\"1 minuta\" \/>\n<script type=\"application\/ld+json\" class=\"yoast-schema-graph\">{\"@context\":\"https:\/\/schema.org\",\"@graph\":[{\"@type\":\"Article\",\"@id\":\"https:\/\/szspchelmek.pl\/?p=31449#article\",\"isPartOf\":{\"@id\":\"https:\/\/szspchelmek.pl\/?p=31449\"},\"author\":{\"name\":\"Ma\u0142gorzata Sm\u00f3\u0142ka\",\"@id\":\"https:\/\/szspchelmek.pl\/#\/schema\/person\/dcc7af0e752aabc52005cbe871df5b87\"},\"headline\":\"Sukces naszych uczni\u00f3w w VII edycji konkursu ,,InstaLogik\u201d\",\"datePublished\":\"2026-04-16T08:20:45+00:00\",\"dateModified\":\"2026-04-16T08:22:38+00:00\",\"mainEntityOfPage\":{\"@id\":\"https:\/\/szspchelmek.pl\/?p=31449\"},\"wordCount\":122,\"publisher\":{\"@id\":\"https:\/\/szspchelmek.pl\/#organization\"},\"articleSection\":[\"Aktualno\u015bci\"],\"inLanguage\":\"pl-PL\"},{\"@type\":\"WebPage\",\"@id\":\"https:\/\/szspchelmek.pl\/?p=31449\",\"url\":\"https:\/\/szspchelmek.pl\/?p=31449\",\"name\":\"Sukces naszych uczni\u00f3w w VII edycji konkursu ,,InstaLogik\u201d - SZS-P nr 2 w Che\u0142mku\",\"isPartOf\":{\"@id\":\"https:\/\/szspchelmek.pl\/#website\"},\"datePublished\":\"2026-04-16T08:20:45+00:00\",\"dateModified\":\"2026-04-16T08:22:38+00:00\",\"breadcrumb\":{\"@id\":\"https:\/\/szspchelmek.pl\/?p=31449#breadcrumb\"},\"inLanguage\":\"pl-PL\",\"potentialAction\":[{\"@type\":\"ReadAction\",\"target\":[\"https:\/\/szspchelmek.pl\/?p=31449\"]}]},{\"@type\":\"BreadcrumbList\",\"@id\":\"https:\/\/szspchelmek.pl\/?p=31449#breadcrumb\",\"itemListElement\":[{\"@type\":\"ListItem\",\"position\":1,\"name\":\"Strona g\u0142\u00f3wna\",\"item\":\"https:\/\/szspchelmek.pl\/\"},{\"@type\":\"ListItem\",\"position\":2,\"name\":\"Sukces naszych uczni\u00f3w w VII edycji konkursu ,,InstaLogik\u201d\"}]},{\"@type\":\"WebSite\",\"@id\":\"https:\/\/szspchelmek.pl\/#website\",\"url\":\"https:\/\/szspchelmek.pl\/\",\"name\":\"SZS-P nr 2 w Che\u0142mku\",\"description\":\"Samorz\u0105dowy Zesp\u00f3\u0142 Szkolno-Przedszkolny nr 2 w Che\u0142mku\",\"publisher\":{\"@id\":\"https:\/\/szspchelmek.pl\/#organization\"},\"potentialAction\":[{\"@type\":\"SearchAction\",\"target\":{\"@type\":\"EntryPoint\",\"urlTemplate\":\"https:\/\/szspchelmek.pl\/?s={search_term_string}\"},\"query-input\":{\"@type\":\"PropertyValueSpecification\",\"valueRequired\":true,\"valueName\":\"search_term_string\"}}],\"inLanguage\":\"pl-PL\"},{\"@type\":\"Organization\",\"@id\":\"https:\/\/szspchelmek.pl\/#organization\",\"name\":\"Samorz\u0105dowy Zesp\u00f3\u0142 Szkolno-Przedszkolny nr 2\",\"url\":\"https:\/\/szspchelmek.pl\/\",\"logo\":{\"@type\":\"ImageObject\",\"inLanguage\":\"pl-PL\",\"@id\":\"https:\/\/szspchelmek.pl\/#\/schema\/logo\/image\/\",\"url\":\"https:\/\/szspchelmek.pl\/wp-content\/uploads\/2018\/09\/logo.png\",\"contentUrl\":\"https:\/\/szspchelmek.pl\/wp-content\/uploads\/2018\/09\/logo.png\",\"width\":500,\"height\":93,\"caption\":\"Samorz\u0105dowy Zesp\u00f3\u0142 Szkolno-Przedszkolny nr 2\"},\"image\":{\"@id\":\"https:\/\/szspchelmek.pl\/#\/schema\/logo\/image\/\"}},{\"@type\":\"Person\",\"@id\":\"https:\/\/szspchelmek.pl\/#\/schema\/person\/dcc7af0e752aabc52005cbe871df5b87\",\"name\":\"Ma\u0142gorzata Sm\u00f3\u0142ka\",\"sameAs\":[\"http:\/\/www.szspchelmek.pl\"],\"url\":\"https:\/\/szspchelmek.pl\/?author=3\"}]}<\/script>\n<!-- \/ Yoast SEO plugin. -->","yoast_head_json":{"title":"Sukces naszych uczni\u00f3w w VII edycji konkursu ,,InstaLogik\u201d - SZS-P nr 2 w Che\u0142mku","robots":{"index":"index","follow":"follow","max-snippet":"max-snippet:-1","max-image-preview":"max-image-preview:large","max-video-preview":"max-video-preview:-1"},"canonical":"https:\/\/szspchelmek.pl\/?p=31449","og_locale":"pl_PL","og_type":"article","og_title":"Sukces naszych uczni\u00f3w w VII edycji konkursu ,,InstaLogik\u201d - SZS-P nr 2 w Che\u0142mku","og_description":"InstaLogik to og\u00f3lnopolski konkurs matematyczno-informatyczny skierowany do uczni\u00f3w klas IV\u2013VIII szk\u00f3\u0142 podstawowych. Konkurs rozwija umiej\u0119tno\u015b\u0107 logicznego my\u015blenia, analizowania problem\u00f3w oraz podstawy programowani. Konkurs promuje samodzielno\u015b\u0107, kreatywno\u015b\u0107 i wytrwa\u0142o\u015b\u0107 w poszukiwaniu rozwi\u0105za\u0144. Uczniowie naszej szko\u0142y znale\u017ali si\u0119 w gronie laureat\u00f3w i finalist\u00f3w VII edycji: Patryk Klimas &#8211; finalista na szczeblu og\u00f3lnopolskim w kategorii klas 7 Eliza czytaj \u00bb","og_url":"https:\/\/szspchelmek.pl\/?p=31449","og_site_name":"SZS-P nr 2 w Che\u0142mku","article_published_time":"2026-04-16T08:20:45+00:00","article_modified_time":"2026-04-16T08:22:38+00:00","author":"Ma\u0142gorzata Sm\u00f3\u0142ka","twitter_card":"summary_large_image","twitter_misc":{"Napisane przez":"Ma\u0142gorzata Sm\u00f3\u0142ka","Szacowany czas czytania":"1 minuta"},"schema":{"@context":"https:\/\/schema.org","@graph":[{"@type":"Article","@id":"https:\/\/szspchelmek.pl\/?p=31449#article","isPartOf":{"@id":"https:\/\/szspchelmek.pl\/?p=31449"},"author":{"name":"Ma\u0142gorzata Sm\u00f3\u0142ka","@id":"https:\/\/szspchelmek.pl\/#\/schema\/person\/dcc7af0e752aabc52005cbe871df5b87"},"headline":"Sukces naszych uczni\u00f3w w VII edycji konkursu ,,InstaLogik\u201d","datePublished":"2026-04-16T08:20:45+00:00","dateModified":"2026-04-16T08:22:38+00:00","mainEntityOfPage":{"@id":"https:\/\/szspchelmek.pl\/?p=31449"},"wordCount":122,"publisher":{"@id":"https:\/\/szspchelmek.pl\/#organization"},"articleSection":["Aktualno\u015bci"],"inLanguage":"pl-PL"},{"@type":"WebPage","@id":"https:\/\/szspchelmek.pl\/?p=31449","url":"https:\/\/szspchelmek.pl\/?p=31449","name":"Sukces naszych uczni\u00f3w w VII edycji konkursu ,,InstaLogik\u201d - SZS-P nr 2 w Che\u0142mku","isPartOf":{"@id":"https:\/\/szspchelmek.pl\/#website"},"datePublished":"2026-04-16T08:20:45+00:00","dateModified":"2026-04-16T08:22:38+00:00","breadcrumb":{"@id":"https:\/\/szspchelmek.pl\/?p=31449#breadcrumb"},"inLanguage":"pl-PL","potentialAction":[{"@type":"ReadAction","target":["https:\/\/szspchelmek.pl\/?p=31449"]}]},{"@type":"BreadcrumbList","@id":"https:\/\/szspchelmek.pl\/?p=31449#breadcrumb","itemListElement":[{"@type":"ListItem","position":1,"name":"Strona g\u0142\u00f3wna","item":"https:\/\/szspchelmek.pl\/"},{"@type":"ListItem","position":2,"name":"Sukces naszych uczni\u00f3w w VII edycji konkursu ,,InstaLogik\u201d"}]},{"@type":"WebSite","@id":"https:\/\/szspchelmek.pl\/#website","url":"https:\/\/szspchelmek.pl\/","name":"SZS-P nr 2 w Che\u0142mku","description":"Samorz\u0105dowy Zesp\u00f3\u0142 Szkolno-Przedszkolny nr 2 w Che\u0142mku","publisher":{"@id":"https:\/\/szspchelmek.pl\/#organization"},"potentialAction":[{"@type":"SearchAction","target":{"@type":"EntryPoint","urlTemplate":"https:\/\/szspchelmek.pl\/?s={search_term_string}"},"query-input":{"@type":"PropertyValueSpecification","valueRequired":true,"valueName":"search_term_string"}}],"inLanguage":"pl-PL"},{"@type":"Organization","@id":"https:\/\/szspchelmek.pl\/#organization","name":"Samorz\u0105dowy Zesp\u00f3\u0142 Szkolno-Przedszkolny nr 2","url":"https:\/\/szspchelmek.pl\/","logo":{"@type":"ImageObject","inLanguage":"pl-PL","@id":"https:\/\/szspchelmek.pl\/#\/schema\/logo\/image\/","url":"https:\/\/szspchelmek.pl\/wp-content\/uploads\/2018\/09\/logo.png","contentUrl":"https:\/\/szspchelmek.pl\/wp-content\/uploads\/2018\/09\/logo.png","width":500,"height":93,"caption":"Samorz\u0105dowy Zesp\u00f3\u0142 Szkolno-Przedszkolny nr 2"},"image":{"@id":"https:\/\/szspchelmek.pl\/#\/schema\/logo\/image\/"}},{"@type":"Person","@id":"https:\/\/szspchelmek.pl\/#\/schema\/person\/dcc7af0e752aabc52005cbe871df5b87","name":"Ma\u0142gorzata Sm\u00f3\u0142ka","sameAs":["http:\/\/www.szspchelmek.pl"],"url":"https:\/\/szspchelmek.pl\/?author=3"}]}},"_links":{"self":[{"href":"https:\/\/szspchelmek.pl\/index.php?rest_route=\/wp\/v2\/posts\/31449","targetHints":{"allow":["GET"]}}],"collection":[{"href":"https:\/\/szspchelmek.pl\/index.php?rest_route=\/wp\/v2\/posts"}],"about":[{"href":"https:\/\/szspchelmek.pl\/index.php?rest_route=\/wp\/v2\/types\/post"}],"author":[{"embeddable":true,"href":"https:\/\/szspchelmek.pl\/index.php?rest_route=\/wp\/v2\/users\/3"}],"replies":[{"embeddable":true,"href":"https:\/\/szspchelmek.pl\/index.php?rest_route=%2Fwp%2Fv2%2Fcomments&post=31449"}],"version-history":[{"count":2,"href":"https:\/\/szspchelmek.pl\/index.php?rest_route=\/wp\/v2\/posts\/31449\/revisions"}],"predecessor-version":[{"id":31453,"href":"https:\/\/szspchelmek.pl\/index.php?rest_route=\/wp\/v2\/posts\/31449\/revisions\/31453"}],"wp:attachment":[{"href":"https:\/\/szspchelmek.pl\/index.php?rest_route=%2Fwp%2Fv2%2Fmedia&parent=31449"}],"wp:term":[{"taxonomy":"category","embeddable":true,"href":"https:\/\/szspchelmek.pl\/index.php?rest_route=%2Fwp%2Fv2%2Fcategories&post=31449"},{"taxonomy":"post_tag","embeddable":true,"href":"https:\/\/szspchelmek.pl\/index.php?rest_route=%2Fwp%2Fv2%2Ftags&post=31449"}],"curies":[{"name":"wp","href":"https:\/\/api.w.org\/{rel}","templated":true}]}}